{"id":144,"date":"2025-06-13T15:58:07","date_gmt":"2025-06-13T13:58:07","guid":{"rendered":"http:\/\/discount-genealogie.lavoute.net\/?p=144"},"modified":"2025-06-13T15:58:09","modified_gmt":"2025-06-13T13:58:09","slug":"20-ans-des-rendez-vous-de-la-genealogie-campeneac-56-les-19-et-20-juillet-2025","status":"publish","type":"post","link":"https:\/\/discount-genealogie.lavoute.net\/index.php\/2025\/06\/13\/20-ans-des-rendez-vous-de-la-genealogie-campeneac-56-les-19-et-20-juillet-2025\/","title":{"rendered":"20 ans des Rendez-vous de la G\u00e9n\u00e9alogie Camp\u00e9n\u00e9ac (56) les 19 et 20 juillet 2025"},"content":{"rendered":"\n<p>L\u2019exposition \u00ab Les sapeurs-pompiers de Camp\u00e9n\u00e9ac\u00bb sera pr\u00e9sent\u00e9e \u00e0 la salle des sports&nbsp; les 19 et 20 juillet 2025 R\u00e9alis\u00e9e par l\u2019association Histoire et g\u00e9n\u00e9alogie de Camp\u00e9n\u00e9ac et des environs, en partenariat avec les Rendez vous de la G\u00e9n\u00e9alogie, cette exposition&nbsp; historique sur les sapeurs-pompiers de Camp\u00e9n\u00e9ac , \u00ab un regard entre pass\u00e9 et pr\u00e9sent \u00bb<br>Au programme rencontre g\u00e9n\u00e9alogique, cousinages, librairie de g\u00e9n\u00e9alogie, impression d\u2019arbres grand format, pr\u00e9sence de g\u00e9n\u00e9alogistes professionnels, d\u00e9monstration de logiciels de g\u00e9n\u00e9alogie, et exposition de cartes postales du d\u00e9but du 20e si\u00e8cle.<\/p>\n\n\n\n<p><strong>Samedi 19 juillet 2025 &#8211; de 16 h \u00e0 17 h&nbsp;<\/strong><\/p>\n\n\n\n<p>Conf\u00e9rence de Christophe GUERIN g\u00e9n\u00e9alogiste professionnel<\/p>\n\n\n\n<p>Les recherches de nos anc\u00eatres militaires aux 17e, 18e et 19e si\u00e8cles<\/p>\n\n\n\n<p><strong>Dimanche 20 juillet 2025 &#8211; de 15 h \u00e0 16 h&nbsp;<\/strong><\/p>\n\n\n\n<p>Conf\u00e9rence de Christophe GUERIN g\u00e9n\u00e9alogiste professionnel<\/p>\n\n\n\n<p>Les recherches de nos anc\u00eatres militaires aux 17e, 18e et 19e si\u00e8cles<\/p>\n\n\n\n<p><br><br>Samedi de 14h \u00e0 19h et dimanche de 10h \u00e0 13 h et de 14h \u00e0 18h<\/p>\n\n\n\n<p>Pour consulter le programme <a href=\"https:\/\/www.calameo.com\/read\/000115469e7928a239772\">ici<\/a><\/p>\n\n\n\n<p>Pour 2026 nous recherchons des photographies anciennes de Camp\u00e9n\u00e9ac et environ ainsi que des films, coupures de presses, cartes anciennes, etc\u2026<br><br>Association Histoire et g\u00e9n\u00e9alogie de Camp\u00e9n\u00e9ac et des environs<br><a href=\"http:\/\/www.genehisto-campeneac.f\">http:\/\/www.genehisto-campeneac.f<\/a>r<br><a href=\"mailto:contact@genehisto-campeneac.fr\">contact@genehisto-campeneac.fr<\/a>.<br>Si\u00e8ge : 20 Ferdonnant \u2013 56800 Camp\u00e9n\u00e9ac, Morbihan<br>Groupe facebook<br><a href=\"https:\/\/www.facebook.com\/groups\/1674399132736855\/\">https:\/\/www.facebook.com\/groups\/1674399132736855\/<\/a><\/p>\n<div style=\"padding-bottom:20px; padding-top:10px;\" class=\"hupso-share-buttons\"><!-- Hupso Share Buttons - https:\/\/www.hupso.com\/share\/ --><a class=\"hupso_toolbar\" href=\"https:\/\/www.hupso.com\/share\/\"><img decoding=\"async\" src=\"https:\/\/static.hupso.com\/share\/buttons\/lang\/fr\/share-medium.png\" style=\"border:0px; padding-top: 5px; float:left;\" alt=\"Share Button\"\/><\/a><script type=\"text\/javascript\">var hupso_services_t=new Array(\"Twitter\",\"Facebook\",\"Pinterest\",\"Linkedin\",\"StumbleUpon\",\"Digg\",\"Reddit\",\"Bebo\",\"Delicious\");var hupso_background_t=\"#EAF4FF\";var hupso_border_t=\"#66CCFF\";var hupso_toolbar_size_t=\"medium\";var hupso_image_folder_url = \"\";var hupso_url_t=\"\";var hupso_title_t=\"20%20ans%20des%20Rendez-vous%20de%20la%20G%C3%A9n%C3%A9alogie%20Camp%C3%A9n%C3%A9ac%20%2856%29%20les%2019%20et%2020%20juillet%202025\";<\/script><script type=\"text\/javascript\" src=\"https:\/\/static.hupso.com\/share\/js\/share_toolbar.js\"><\/script><!-- Hupso Share Buttons --><\/div><div id=\"disco-2925128323\" class=\"disco-pub2 disco-entity-placement\"><script async src=\"\/\/pagead2.googlesyndication.com\/pagead\/js\/adsbygoogle.js?client=ca-pub-8639961027790050\" crossorigin=\"anonymous\"><\/script><ins class=\"adsbygoogle\" style=\"display:block;\" data-ad-client=\"ca-pub-8639961027790050\" \ndata-ad-slot=\"\" \ndata-ad-format=\"auto\"><\/ins>\n<script> \n(adsbygoogle = window.adsbygoogle || []).push({}); \n<\/script>\n<\/div>","protected":false},"excerpt":{"rendered":"<p>L\u2019exposition \u00ab Les sapeurs-pompiers de Camp\u00e9n\u00e9ac\u00bb sera pr\u00e9sent\u00e9e \u00e0 la salle des sports&nbsp; les 19 et 20 juillet 2025 R\u00e9alis\u00e9e par l\u2019association Histoire et g\u00e9n\u00e9alogie de Camp\u00e9n\u00e9ac et des environs, en partenariat avec les Rendez vous de la G\u00e9n\u00e9alogie, cette exposition&nbsp; historique sur les sapeurs-pompiers de Camp\u00e9n\u00e9ac , \u00ab un regard entre pass\u00e9 et pr\u00e9sent [&hellip;]<\/p>\n<div style=\"padding-bottom:20px; padding-top:10px;\" class=\"hupso-share-buttons\"><!-- Hupso Share Buttons - https:\/\/www.hupso.com\/share\/ --><a class=\"hupso_toolbar\" href=\"https:\/\/www.hupso.com\/share\/\"><img src=\"https:\/\/static.hupso.com\/share\/buttons\/lang\/fr\/share-medium.png\" style=\"border:0px; padding-top: 5px; float:left;\" alt=\"Share Button\"\/><\/a><script type=\"text\/javascript\">var hupso_services_t=new Array(\"Twitter\",\"Facebook\",\"Pinterest\",\"Linkedin\",\"StumbleUpon\",\"Digg\",\"Reddit\",\"Bebo\",\"Delicious\");var hupso_background_t=\"#EAF4FF\";var hupso_border_t=\"#66CCFF\";var hupso_toolbar_size_t=\"medium\";var hupso_image_folder_url = \"\";var hupso_url_t=\"\";var hupso_title_t=\"20%20ans%20des%20Rendez-vous%20de%20la%20G%C3%A9n%C3%A9alogie%20Camp%C3%A9n%C3%A9ac%20%2856%29%20les%2019%20et%2020%20juillet%202025\";<\/script><script type=\"text\/javascript\" src=\"https:\/\/static.hupso.com\/share\/js\/share_toolbar.js\"><\/script><!-- Hupso Share Buttons --><\/div>","protected":false},"author":1,"featured_media":146,"comment_status":"open","ping_status":"open","sticky":false,"template":"","format":"standard","meta":{"footnotes":""},"categories":[23,43],"tags":[44,46],"_links":{"self":[{"href":"https:\/\/discount-genealogie.lavoute.net\/index.php\/wp-json\/wp\/v2\/posts\/144"}],"collection":[{"href":"https:\/\/discount-genealogie.lavoute.net\/index.php\/wp-json\/wp\/v2\/posts"}],"about":[{"href":"https:\/\/discount-genealogie.lavoute.net\/index.php\/wp-json\/wp\/v2\/types\/post"}],"author":[{"embeddable":true,"href":"https:\/\/discount-genealogie.lavoute.net\/index.php\/wp-json\/wp\/v2\/users\/1"}],"replies":[{"embeddable":true,"href":"https:\/\/discount-genealogie.lavoute.net\/index.php\/wp-json\/wp\/v2\/comments?post=144"}],"version-history":[{"count":1,"href":"https:\/\/discount-genealogie.lavoute.net\/index.php\/wp-json\/wp\/v2\/posts\/144\/revisions"}],"predecessor-version":[{"id":147,"href":"https:\/\/discount-genealogie.lavoute.net\/index.php\/wp-json\/wp\/v2\/posts\/144\/revisions\/147"}],"wp:featuredmedia":[{"embeddable":true,"href":"https:\/\/discount-genealogie.lavoute.net\/index.php\/wp-json\/wp\/v2\/media\/146"}],"wp:attachment":[{"href":"https:\/\/discount-genealogie.lavoute.net\/index.php\/wp-json\/wp\/v2\/media?parent=144"}],"wp:term":[{"taxonomy":"category","embeddable":true,"href":"https:\/\/discount-genealogie.lavoute.net\/index.php\/wp-json\/wp\/v2\/categories?post=144"},{"taxonomy":"post_tag","embeddable":true,"href":"https:\/\/discount-genealogie.lavoute.net\/index.php\/wp-json\/wp\/v2\/tags?post=144"}],"curies":[{"name":"wp","href":"https:\/\/api.w.org\/{rel}","templated":true}]}}